{"id":788,"date":"2022-02-23T16:16:00","date_gmt":"2022-02-23T15:16:00","guid":{"rendered":"https:\/\/www.personalrat-muehldorf.de\/?p=788"},"modified":"2025-10-07T11:53:55","modified_gmt":"2025-10-07T09:53:55","slug":"betriebsausflug-2020","status":"publish","type":"post","link":"https:\/\/www.personalrat-muehldorf.de\/?p=788","title":{"rendered":"Betriebsfest  2026"},"content":{"rendered":"<h3>Betriebsfest<\/h3>\n<p>Wir werden am <strong>Freitag, den 19.06.2026 <\/strong>wieder\u00a0ein Betriebsfest durchf\u00fchren.<\/p>\n<p>Wir haben uns nach dem positiven Feedback der Belegschaft mit unserem 1. B\u00fcrgermeister Michael Hetzl darauf verst\u00e4ndigt, wieder ein<strong> \u201eFest f\u00fcr alle\u201c<\/strong> zu veranstalten, und zwar wieder in M\u00fchldorf a. Inn im \u00fcberdachten Haberkasten-Innenhof. Zentraler geht es nicht!<\/p>\n<p><strong>Ort:<\/strong> \u00a0\u00a0\u00a0\u00a0\u00a0\u00a0\u00a0\u00a0\u00a0\u00a0\u00a0\u00a0\u00a0\u00a0\u00a0\u00a0\u00a0\u00a0\u00a0\u00a0\u00a0Haberkasten-Innenhof<\/p>\n<p><strong>Zeitraum:<\/strong> \u00a0\u00a0\u00a0\u00a0\u00a0\u00a0\u00a0\u00a0\u00a0 18.00 \u2013 22.00 Uhr<\/p>\n<p><strong>Verpflegung:<\/strong>\u00a0\u00a0\u00a0 frei!<\/p>\n<p>\u00a0Das Essen und Trinken ist wieder f\u00fcr alle Besch\u00e4ftigten frei.<\/p>\n<p>Es ist zur reibungslosen Organisation notwendig, dass sich alle Besch\u00e4ftigten f\u00fcr diese Betriebsveranstaltung verbindlich anmelden und mit ihrer Anmeldung ihren jeweiligen Essenswunsch angeben.<\/p>\n<p>Die Teilnehmermeldungen (Excel-Liste der Teilnehmer*Innen mit jeweiliger Einrichtung, Nachname, Vorname, Essenswunsch) erfolgen dabei wieder \u00fcber die jeweiligen Abteilungen; wir werden das dann mit entsprechendem Vorlauf wieder entsprechend veranlassen. Unsere Rentner und Versorgungsempf\u00e4nger sind nat\u00fcrlich ebenfalls herzlich eingeladen und werden \u00fcber den Personalrat schriftlich verst\u00e4ndigt.<\/p>\n<p><strong>Essensangebot:\u00a0 \u00a0 \u00a0 \u00a0 \u00a0\u00a0<\/strong><\/p>\n<ul>\n<li>wird noch bekanntgegeben!<\/li>\n<\/ul>\n<p><strong>Getr\u00e4nke:<\/strong><\/p>\n<ul>\n<li>(alkoholfrei): Mineralwasser, Limonade (Zitrone\/Orange), Apfelsaft, Spezi, Bier alkoholfrei<\/li>\n<li>(alkoholisch): Bier (hell) &amp; Wein (wei\u00df \/ ros\u00e9 \/ rot), Wei\u00dfbier<\/li>\n<\/ul>\n<p><strong>Barbetrieb:<\/strong><\/p>\n<p>Es wird beim Betriebsfest auch einen Barbetrieb geben.<\/p>\n<p><strong>Foto-Box:\u00a0<\/strong>wir werden wieder eine Fotobox aufstellen<\/p>\n<p>Wir hoffen, dass m\u00f6glichst viele Besch\u00e4ftigte am 19.06.2026 am Betriebsfest teilnehmen werden und freuen uns auf ein paar unbeschwerte Stunden mit euch!<\/p>\n\n\n<p><\/p>\n","protected":false},"excerpt":{"rendered":"<p>Betriebsfest Wir werden am Freitag, den 19.06.2026 wieder\u00a0ein Betriebsfest durchf\u00fchren. Wir haben uns nach dem positiven Feedback der Belegschaft mit unserem 1. B\u00fcrgermeister Michael Hetzl darauf verst\u00e4ndigt, wieder ein \u201eFest f\u00fcr alle\u201c zu veranstalten, und zwar wieder in M\u00fchldorf a. Inn im \u00fcberdachten Haberkasten-Innenhof. Zentraler geht es nicht! Ort: \u00a0\u00a0\u00a0\u00a0\u00a0\u00a0\u00a0\u00a0\u00a0\u00a0\u00a0\u00a0\u00a0\u00a0\u00a0\u00a0\u00a0\u00a0\u00a0\u00a0\u00a0Haberkasten-Innenhof Zeitraum: \u00a0\u00a0\u00a0\u00a0\u00a0\u00a0\u00a0\u00a0\u00a0 18.00 \u2013 22.00 [&hellip;]<\/p>\n","protected":false},"author":14,"featured_media":0,"comment_status":"closed","ping_status":"closed","sticky":false,"template":"","format":"standard","meta":{"footnotes":""},"categories":[1,6],"tags":[],"class_list":["post-788","post","type-post","status-publish","format-standard","hentry","category-aktuelles","category-termine"],"yoast_head":"<!-- This site is optimized with the Yoast SEO plugin v27.1.1 - https:\/\/yoast.com\/product\/yoast-seo-wordpress\/ -->\n<title>Betriebsfest 2026 &#8211; Personalrat der Kreisstadt M\u00fchldorf a. Inn<\/title>\n<meta name=\"robots\" content=\"index, follow, max-snippet:-1, max-image-preview:large, max-video-preview:-1\" \/>\n<link rel=\"canonical\" href=\"https:\/\/www.personalrat-muehldorf.de\/?p=788\" \/>\n<meta property=\"og:locale\" content=\"de_DE\" \/>\n<meta property=\"og:type\" content=\"article\" \/>\n<meta property=\"og:title\" content=\"Betriebsfest 2026 &#8211; Personalrat der Kreisstadt M\u00fchldorf a. Inn\" \/>\n<meta property=\"og:description\" content=\"Betriebsfest Wir werden am Freitag, den 19.06.2026 wieder\u00a0ein Betriebsfest durchf\u00fchren. Wir haben uns nach dem positiven Feedback der Belegschaft mit unserem 1. B\u00fcrgermeister Michael Hetzl darauf verst\u00e4ndigt, wieder ein \u201eFest f\u00fcr alle\u201c zu veranstalten, und zwar wieder in M\u00fchldorf a. Inn im \u00fcberdachten Haberkasten-Innenhof. Zentraler geht es nicht! Ort: \u00a0\u00a0\u00a0\u00a0\u00a0\u00a0\u00a0\u00a0\u00a0\u00a0\u00a0\u00a0\u00a0\u00a0\u00a0\u00a0\u00a0\u00a0\u00a0\u00a0\u00a0Haberkasten-Innenhof Zeitraum: \u00a0\u00a0\u00a0\u00a0\u00a0\u00a0\u00a0\u00a0\u00a0 18.00 \u2013 22.00 [&hellip;]\" \/>\n<meta property=\"og:url\" content=\"https:\/\/www.personalrat-muehldorf.de\/?p=788\" \/>\n<meta property=\"og:site_name\" content=\"Personalrat der Kreisstadt M\u00fchldorf a. Inn\" \/>\n<meta property=\"article:publisher\" content=\"https:\/\/www.facebook.com\/Thomasquickly\" \/>\n<meta property=\"article:published_time\" content=\"2022-02-23T15:16:00+00:00\" \/>\n<meta property=\"article:modified_time\" content=\"2025-10-07T09:53:55+00:00\" \/>\n<meta name=\"author\" content=\"Thomas Breitsameter\" \/>\n<meta name=\"twitter:card\" content=\"summary_large_image\" \/>\n<meta name=\"twitter:label1\" content=\"Verfasst von\" \/>\n\t<meta name=\"twitter:data1\" content=\"Thomas Breitsameter\" \/>\n\t<meta name=\"twitter:label2\" content=\"Gesch\u00e4tzte Lesezeit\" \/>\n\t<meta name=\"twitter:data2\" content=\"2\u00a0Minuten\" \/>\n<script type=\"application\/ld+json\" class=\"yoast-schema-graph\">{\"@context\":\"https:\/\/schema.org\",\"@graph\":[{\"@type\":\"Article\",\"@id\":\"https:\/\/www.personalrat-muehldorf.de\/?p=788#article\",\"isPartOf\":{\"@id\":\"https:\/\/www.personalrat-muehldorf.de\/?p=788\"},\"author\":{\"name\":\"Thomas Breitsameter\",\"@id\":\"https:\/\/www.personalrat-muehldorf.de\/#\/schema\/person\/6cb0a21c0ef61e13504a2041fc50464b\"},\"headline\":\"Betriebsfest 2026\",\"datePublished\":\"2022-02-23T15:16:00+00:00\",\"dateModified\":\"2025-10-07T09:53:55+00:00\",\"mainEntityOfPage\":{\"@id\":\"https:\/\/www.personalrat-muehldorf.de\/?p=788\"},\"wordCount\":208,\"articleSection\":[\"Aktuelles\",\"Termine\"],\"inLanguage\":\"de\"},{\"@type\":\"WebPage\",\"@id\":\"https:\/\/www.personalrat-muehldorf.de\/?p=788\",\"url\":\"https:\/\/www.personalrat-muehldorf.de\/?p=788\",\"name\":\"Betriebsfest 2026 &#8211; Personalrat der Kreisstadt M\u00fchldorf a. Inn\",\"isPartOf\":{\"@id\":\"https:\/\/www.personalrat-muehldorf.de\/#website\"},\"datePublished\":\"2022-02-23T15:16:00+00:00\",\"dateModified\":\"2025-10-07T09:53:55+00:00\",\"author\":{\"@id\":\"https:\/\/www.personalrat-muehldorf.de\/#\/schema\/person\/6cb0a21c0ef61e13504a2041fc50464b\"},\"breadcrumb\":{\"@id\":\"https:\/\/www.personalrat-muehldorf.de\/?p=788#breadcrumb\"},\"inLanguage\":\"de\",\"potentialAction\":[{\"@type\":\"ReadAction\",\"target\":[\"https:\/\/www.personalrat-muehldorf.de\/?p=788\"]}]},{\"@type\":\"BreadcrumbList\",\"@id\":\"https:\/\/www.personalrat-muehldorf.de\/?p=788#breadcrumb\",\"itemListElement\":[{\"@type\":\"ListItem\",\"position\":1,\"name\":\"Startseite\",\"item\":\"https:\/\/www.personalrat-muehldorf.de\/\"},{\"@type\":\"ListItem\",\"position\":2,\"name\":\"Betriebsfest 2026\"}]},{\"@type\":\"WebSite\",\"@id\":\"https:\/\/www.personalrat-muehldorf.de\/#website\",\"url\":\"https:\/\/www.personalrat-muehldorf.de\/\",\"name\":\"Personalrat der Kreisstadt M\u00fchldorf a. Inn\",\"description\":\"\",\"potentialAction\":[{\"@type\":\"SearchAction\",\"target\":{\"@type\":\"EntryPoint\",\"urlTemplate\":\"https:\/\/www.personalrat-muehldorf.de\/?s={search_term_string}\"},\"query-input\":{\"@type\":\"PropertyValueSpecification\",\"valueRequired\":true,\"valueName\":\"search_term_string\"}}],\"inLanguage\":\"de\"},{\"@type\":\"Person\",\"@id\":\"https:\/\/www.personalrat-muehldorf.de\/#\/schema\/person\/6cb0a21c0ef61e13504a2041fc50464b\",\"name\":\"Thomas Breitsameter\",\"image\":{\"@type\":\"ImageObject\",\"inLanguage\":\"de\",\"@id\":\"https:\/\/www.personalrat-muehldorf.de\/#\/schema\/person\/image\/\",\"url\":\"https:\/\/secure.gravatar.com\/avatar\/d418bc3b775aeedc689eb77329097d0b0702a03699b2bd36ac208d56a97a1665?s=96&d=monsterid&r=g\",\"contentUrl\":\"https:\/\/secure.gravatar.com\/avatar\/d418bc3b775aeedc689eb77329097d0b0702a03699b2bd36ac208d56a97a1665?s=96&d=monsterid&r=g\",\"caption\":\"Thomas Breitsameter\"},\"url\":\"https:\/\/www.personalrat-muehldorf.de\/?author=14\"}]}<\/script>\n<!-- \/ Yoast SEO plugin. -->","yoast_head_json":{"title":"Betriebsfest 2026 &#8211; Personalrat der Kreisstadt M\u00fchldorf a. Inn","robots":{"index":"index","follow":"follow","max-snippet":"max-snippet:-1","max-image-preview":"max-image-preview:large","max-video-preview":"max-video-preview:-1"},"canonical":"https:\/\/www.personalrat-muehldorf.de\/?p=788","og_locale":"de_DE","og_type":"article","og_title":"Betriebsfest 2026 &#8211; Personalrat der Kreisstadt M\u00fchldorf a. Inn","og_description":"Betriebsfest Wir werden am Freitag, den 19.06.2026 wieder\u00a0ein Betriebsfest durchf\u00fchren. Wir haben uns nach dem positiven Feedback der Belegschaft mit unserem 1. B\u00fcrgermeister Michael Hetzl darauf verst\u00e4ndigt, wieder ein \u201eFest f\u00fcr alle\u201c zu veranstalten, und zwar wieder in M\u00fchldorf a. Inn im \u00fcberdachten Haberkasten-Innenhof. Zentraler geht es nicht! Ort: \u00a0\u00a0\u00a0\u00a0\u00a0\u00a0\u00a0\u00a0\u00a0\u00a0\u00a0\u00a0\u00a0\u00a0\u00a0\u00a0\u00a0\u00a0\u00a0\u00a0\u00a0Haberkasten-Innenhof Zeitraum: \u00a0\u00a0\u00a0\u00a0\u00a0\u00a0\u00a0\u00a0\u00a0 18.00 \u2013 22.00 [&hellip;]","og_url":"https:\/\/www.personalrat-muehldorf.de\/?p=788","og_site_name":"Personalrat der Kreisstadt M\u00fchldorf a. Inn","article_publisher":"https:\/\/www.facebook.com\/Thomasquickly","article_published_time":"2022-02-23T15:16:00+00:00","article_modified_time":"2025-10-07T09:53:55+00:00","author":"Thomas Breitsameter","twitter_card":"summary_large_image","twitter_misc":{"Verfasst von":"Thomas Breitsameter","Gesch\u00e4tzte Lesezeit":"2\u00a0Minuten"},"schema":{"@context":"https:\/\/schema.org","@graph":[{"@type":"Article","@id":"https:\/\/www.personalrat-muehldorf.de\/?p=788#article","isPartOf":{"@id":"https:\/\/www.personalrat-muehldorf.de\/?p=788"},"author":{"name":"Thomas Breitsameter","@id":"https:\/\/www.personalrat-muehldorf.de\/#\/schema\/person\/6cb0a21c0ef61e13504a2041fc50464b"},"headline":"Betriebsfest 2026","datePublished":"2022-02-23T15:16:00+00:00","dateModified":"2025-10-07T09:53:55+00:00","mainEntityOfPage":{"@id":"https:\/\/www.personalrat-muehldorf.de\/?p=788"},"wordCount":208,"articleSection":["Aktuelles","Termine"],"inLanguage":"de"},{"@type":"WebPage","@id":"https:\/\/www.personalrat-muehldorf.de\/?p=788","url":"https:\/\/www.personalrat-muehldorf.de\/?p=788","name":"Betriebsfest 2026 &#8211; Personalrat der Kreisstadt M\u00fchldorf a. Inn","isPartOf":{"@id":"https:\/\/www.personalrat-muehldorf.de\/#website"},"datePublished":"2022-02-23T15:16:00+00:00","dateModified":"2025-10-07T09:53:55+00:00","author":{"@id":"https:\/\/www.personalrat-muehldorf.de\/#\/schema\/person\/6cb0a21c0ef61e13504a2041fc50464b"},"breadcrumb":{"@id":"https:\/\/www.personalrat-muehldorf.de\/?p=788#breadcrumb"},"inLanguage":"de","potentialAction":[{"@type":"ReadAction","target":["https:\/\/www.personalrat-muehldorf.de\/?p=788"]}]},{"@type":"BreadcrumbList","@id":"https:\/\/www.personalrat-muehldorf.de\/?p=788#breadcrumb","itemListElement":[{"@type":"ListItem","position":1,"name":"Startseite","item":"https:\/\/www.personalrat-muehldorf.de\/"},{"@type":"ListItem","position":2,"name":"Betriebsfest 2026"}]},{"@type":"WebSite","@id":"https:\/\/www.personalrat-muehldorf.de\/#website","url":"https:\/\/www.personalrat-muehldorf.de\/","name":"Personalrat der Kreisstadt M\u00fchldorf a. Inn","description":"","potentialAction":[{"@type":"SearchAction","target":{"@type":"EntryPoint","urlTemplate":"https:\/\/www.personalrat-muehldorf.de\/?s={search_term_string}"},"query-input":{"@type":"PropertyValueSpecification","valueRequired":true,"valueName":"search_term_string"}}],"inLanguage":"de"},{"@type":"Person","@id":"https:\/\/www.personalrat-muehldorf.de\/#\/schema\/person\/6cb0a21c0ef61e13504a2041fc50464b","name":"Thomas Breitsameter","image":{"@type":"ImageObject","inLanguage":"de","@id":"https:\/\/www.personalrat-muehldorf.de\/#\/schema\/person\/image\/","url":"https:\/\/secure.gravatar.com\/avatar\/d418bc3b775aeedc689eb77329097d0b0702a03699b2bd36ac208d56a97a1665?s=96&d=monsterid&r=g","contentUrl":"https:\/\/secure.gravatar.com\/avatar\/d418bc3b775aeedc689eb77329097d0b0702a03699b2bd36ac208d56a97a1665?s=96&d=monsterid&r=g","caption":"Thomas Breitsameter"},"url":"https:\/\/www.personalrat-muehldorf.de\/?author=14"}]}},"_links":{"self":[{"href":"https:\/\/www.personalrat-muehldorf.de\/index.php?rest_route=\/wp\/v2\/posts\/788","targetHints":{"allow":["GET"]}}],"collection":[{"href":"https:\/\/www.personalrat-muehldorf.de\/index.php?rest_route=\/wp\/v2\/posts"}],"about":[{"href":"https:\/\/www.personalrat-muehldorf.de\/index.php?rest_route=\/wp\/v2\/types\/post"}],"author":[{"embeddable":true,"href":"https:\/\/www.personalrat-muehldorf.de\/index.php?rest_route=\/wp\/v2\/users\/14"}],"replies":[{"embeddable":true,"href":"https:\/\/www.personalrat-muehldorf.de\/index.php?rest_route=%2Fwp%2Fv2%2Fcomments&post=788"}],"version-history":[{"count":53,"href":"https:\/\/www.personalrat-muehldorf.de\/index.php?rest_route=\/wp\/v2\/posts\/788\/revisions"}],"predecessor-version":[{"id":1243,"href":"https:\/\/www.personalrat-muehldorf.de\/index.php?rest_route=\/wp\/v2\/posts\/788\/revisions\/1243"}],"wp:attachment":[{"href":"https:\/\/www.personalrat-muehldorf.de\/index.php?rest_route=%2Fwp%2Fv2%2Fmedia&parent=788"}],"wp:term":[{"taxonomy":"category","embeddable":true,"href":"https:\/\/www.personalrat-muehldorf.de\/index.php?rest_route=%2Fwp%2Fv2%2Fcategories&post=788"},{"taxonomy":"post_tag","embeddable":true,"href":"https:\/\/www.personalrat-muehldorf.de\/index.php?rest_route=%2Fwp%2Fv2%2Ftags&post=788"}],"curies":[{"name":"wp","href":"https:\/\/api.w.org\/{rel}","templated":true}]}}