{"id":420,"date":"2017-09-27T16:26:31","date_gmt":"2017-09-27T14:26:31","guid":{"rendered":"http:\/\/www.personalrat-muehldorf.de\/?p=420"},"modified":"2021-05-26T16:44:23","modified_gmt":"2021-05-26T14:44:23","slug":"diebstvereinbarung-telearbeit","status":"publish","type":"post","link":"https:\/\/www.personalrat-muehldorf.de\/?p=420","title":{"rendered":"Dienstvereinbarung Telearbeit"},"content":{"rendered":"<p>Es gibt nun eine Dienstvereinbarung zur vereinfachten Telearbeit (Home Office).<\/p>\n<p>F\u00fcr die Telearbeit sollen Bedienstete mit einer besonderen famili\u00e4ren oder pers\u00f6nlichen Situation ber\u00fccksichtigt werden:<\/p>\n<p>&#8211; Betreuung mindestens eines minderj\u00e4hrigen Kindes<br \/>\n&#8211; Pflege\/Betreuung naher Angeh\u00f6riger oder<br \/>\n&#8211; eigene Schwerbehinderung<\/p>\n<p>Die Dienstvereinbarung tritt zum 1. Mai 2018 in Kraft und liegt im Personalamt zur Einsicht auf.<\/p>\n","protected":false},"excerpt":{"rendered":"<p>Es gibt nun eine Dienstvereinbarung zur vereinfachten Telearbeit (Home Office). F\u00fcr die Telearbeit sollen Bedienstete mit einer besonderen famili\u00e4ren oder pers\u00f6nlichen Situation ber\u00fccksichtigt werden: &#8211; Betreuung mindestens eines minderj\u00e4hrigen Kindes &#8211; Pflege\/Betreuung naher Angeh\u00f6riger oder &#8211; eigene Schwerbehinderung Die Dienstvereinbarung tritt zum 1. Mai 2018 in Kraft und liegt im Personalamt zur Einsicht auf.<\/p>\n","protected":false},"author":14,"featured_media":0,"comment_status":"closed","ping_status":"closed","sticky":false,"template":"","format":"standard","meta":{"footnotes":""},"categories":[1],"tags":[],"class_list":["post-420","post","type-post","status-publish","format-standard","hentry","category-aktuelles"],"yoast_head":"<!-- This site is optimized with the Yoast SEO plugin v27.1.1 - https:\/\/yoast.com\/product\/yoast-seo-wordpress\/ -->\n<title>Dienstvereinbarung Telearbeit &#8211; Personalrat der Kreisstadt M\u00fchldorf a. Inn<\/title>\n<meta name=\"robots\" content=\"index, follow, max-snippet:-1, max-image-preview:large, max-video-preview:-1\" \/>\n<link rel=\"canonical\" href=\"https:\/\/www.personalrat-muehldorf.de\/?p=420\" \/>\n<meta property=\"og:locale\" content=\"de_DE\" \/>\n<meta property=\"og:type\" content=\"article\" \/>\n<meta property=\"og:title\" content=\"Dienstvereinbarung Telearbeit &#8211; Personalrat der Kreisstadt M\u00fchldorf a. Inn\" \/>\n<meta property=\"og:description\" content=\"Es gibt nun eine Dienstvereinbarung zur vereinfachten Telearbeit (Home Office). F\u00fcr die Telearbeit sollen Bedienstete mit einer besonderen famili\u00e4ren oder pers\u00f6nlichen Situation ber\u00fccksichtigt werden: &#8211; Betreuung mindestens eines minderj\u00e4hrigen Kindes &#8211; Pflege\/Betreuung naher Angeh\u00f6riger oder &#8211; eigene Schwerbehinderung Die Dienstvereinbarung tritt zum 1. Mai 2018 in Kraft und liegt im Personalamt zur Einsicht auf.\" \/>\n<meta property=\"og:url\" content=\"https:\/\/www.personalrat-muehldorf.de\/?p=420\" \/>\n<meta property=\"og:site_name\" content=\"Personalrat der Kreisstadt M\u00fchldorf a. Inn\" \/>\n<meta property=\"article:publisher\" content=\"https:\/\/www.facebook.com\/Thomasquickly\" \/>\n<meta property=\"article:published_time\" content=\"2017-09-27T14:26:31+00:00\" \/>\n<meta property=\"article:modified_time\" content=\"2021-05-26T14:44:23+00:00\" \/>\n<meta name=\"author\" content=\"Thomas Breitsameter\" \/>\n<meta name=\"twitter:card\" content=\"summary_large_image\" \/>\n<meta name=\"twitter:label1\" content=\"Verfasst von\" \/>\n\t<meta name=\"twitter:data1\" content=\"Thomas Breitsameter\" \/>\n<script type=\"application\/ld+json\" class=\"yoast-schema-graph\">{\"@context\":\"https:\/\/schema.org\",\"@graph\":[{\"@type\":\"Article\",\"@id\":\"https:\/\/www.personalrat-muehldorf.de\/?p=420#article\",\"isPartOf\":{\"@id\":\"https:\/\/www.personalrat-muehldorf.de\/?p=420\"},\"author\":{\"name\":\"Thomas Breitsameter\",\"@id\":\"https:\/\/www.personalrat-muehldorf.de\/#\/schema\/person\/6cb0a21c0ef61e13504a2041fc50464b\"},\"headline\":\"Dienstvereinbarung Telearbeit\",\"datePublished\":\"2017-09-27T14:26:31+00:00\",\"dateModified\":\"2021-05-26T14:44:23+00:00\",\"mainEntityOfPage\":{\"@id\":\"https:\/\/www.personalrat-muehldorf.de\/?p=420\"},\"wordCount\":61,\"articleSection\":[\"Aktuelles\"],\"inLanguage\":\"de\"},{\"@type\":\"WebPage\",\"@id\":\"https:\/\/www.personalrat-muehldorf.de\/?p=420\",\"url\":\"https:\/\/www.personalrat-muehldorf.de\/?p=420\",\"name\":\"Dienstvereinbarung Telearbeit &#8211; Personalrat der Kreisstadt M\u00fchldorf a. Inn\",\"isPartOf\":{\"@id\":\"https:\/\/www.personalrat-muehldorf.de\/#website\"},\"datePublished\":\"2017-09-27T14:26:31+00:00\",\"dateModified\":\"2021-05-26T14:44:23+00:00\",\"author\":{\"@id\":\"https:\/\/www.personalrat-muehldorf.de\/#\/schema\/person\/6cb0a21c0ef61e13504a2041fc50464b\"},\"breadcrumb\":{\"@id\":\"https:\/\/www.personalrat-muehldorf.de\/?p=420#breadcrumb\"},\"inLanguage\":\"de\",\"potentialAction\":[{\"@type\":\"ReadAction\",\"target\":[\"https:\/\/www.personalrat-muehldorf.de\/?p=420\"]}]},{\"@type\":\"BreadcrumbList\",\"@id\":\"https:\/\/www.personalrat-muehldorf.de\/?p=420#breadcrumb\",\"itemListElement\":[{\"@type\":\"ListItem\",\"position\":1,\"name\":\"Startseite\",\"item\":\"https:\/\/www.personalrat-muehldorf.de\/\"},{\"@type\":\"ListItem\",\"position\":2,\"name\":\"Dienstvereinbarung Telearbeit\"}]},{\"@type\":\"WebSite\",\"@id\":\"https:\/\/www.personalrat-muehldorf.de\/#website\",\"url\":\"https:\/\/www.personalrat-muehldorf.de\/\",\"name\":\"Personalrat der Kreisstadt M\u00fchldorf a. Inn\",\"description\":\"\",\"potentialAction\":[{\"@type\":\"SearchAction\",\"target\":{\"@type\":\"EntryPoint\",\"urlTemplate\":\"https:\/\/www.personalrat-muehldorf.de\/?s={search_term_string}\"},\"query-input\":{\"@type\":\"PropertyValueSpecification\",\"valueRequired\":true,\"valueName\":\"search_term_string\"}}],\"inLanguage\":\"de\"},{\"@type\":\"Person\",\"@id\":\"https:\/\/www.personalrat-muehldorf.de\/#\/schema\/person\/6cb0a21c0ef61e13504a2041fc50464b\",\"name\":\"Thomas Breitsameter\",\"image\":{\"@type\":\"ImageObject\",\"inLanguage\":\"de\",\"@id\":\"https:\/\/www.personalrat-muehldorf.de\/#\/schema\/person\/image\/\",\"url\":\"https:\/\/secure.gravatar.com\/avatar\/d418bc3b775aeedc689eb77329097d0b0702a03699b2bd36ac208d56a97a1665?s=96&d=monsterid&r=g\",\"contentUrl\":\"https:\/\/secure.gravatar.com\/avatar\/d418bc3b775aeedc689eb77329097d0b0702a03699b2bd36ac208d56a97a1665?s=96&d=monsterid&r=g\",\"caption\":\"Thomas Breitsameter\"},\"url\":\"https:\/\/www.personalrat-muehldorf.de\/?author=14\"}]}<\/script>\n<!-- \/ Yoast SEO plugin. -->","yoast_head_json":{"title":"Dienstvereinbarung Telearbeit &#8211; Personalrat der Kreisstadt M\u00fchldorf a. Inn","robots":{"index":"index","follow":"follow","max-snippet":"max-snippet:-1","max-image-preview":"max-image-preview:large","max-video-preview":"max-video-preview:-1"},"canonical":"https:\/\/www.personalrat-muehldorf.de\/?p=420","og_locale":"de_DE","og_type":"article","og_title":"Dienstvereinbarung Telearbeit &#8211; Personalrat der Kreisstadt M\u00fchldorf a. Inn","og_description":"Es gibt nun eine Dienstvereinbarung zur vereinfachten Telearbeit (Home Office). F\u00fcr die Telearbeit sollen Bedienstete mit einer besonderen famili\u00e4ren oder pers\u00f6nlichen Situation ber\u00fccksichtigt werden: &#8211; Betreuung mindestens eines minderj\u00e4hrigen Kindes &#8211; Pflege\/Betreuung naher Angeh\u00f6riger oder &#8211; eigene Schwerbehinderung Die Dienstvereinbarung tritt zum 1. Mai 2018 in Kraft und liegt im Personalamt zur Einsicht auf.","og_url":"https:\/\/www.personalrat-muehldorf.de\/?p=420","og_site_name":"Personalrat der Kreisstadt M\u00fchldorf a. Inn","article_publisher":"https:\/\/www.facebook.com\/Thomasquickly","article_published_time":"2017-09-27T14:26:31+00:00","article_modified_time":"2021-05-26T14:44:23+00:00","author":"Thomas Breitsameter","twitter_card":"summary_large_image","twitter_misc":{"Verfasst von":"Thomas Breitsameter"},"schema":{"@context":"https:\/\/schema.org","@graph":[{"@type":"Article","@id":"https:\/\/www.personalrat-muehldorf.de\/?p=420#article","isPartOf":{"@id":"https:\/\/www.personalrat-muehldorf.de\/?p=420"},"author":{"name":"Thomas Breitsameter","@id":"https:\/\/www.personalrat-muehldorf.de\/#\/schema\/person\/6cb0a21c0ef61e13504a2041fc50464b"},"headline":"Dienstvereinbarung Telearbeit","datePublished":"2017-09-27T14:26:31+00:00","dateModified":"2021-05-26T14:44:23+00:00","mainEntityOfPage":{"@id":"https:\/\/www.personalrat-muehldorf.de\/?p=420"},"wordCount":61,"articleSection":["Aktuelles"],"inLanguage":"de"},{"@type":"WebPage","@id":"https:\/\/www.personalrat-muehldorf.de\/?p=420","url":"https:\/\/www.personalrat-muehldorf.de\/?p=420","name":"Dienstvereinbarung Telearbeit &#8211; Personalrat der Kreisstadt M\u00fchldorf a. Inn","isPartOf":{"@id":"https:\/\/www.personalrat-muehldorf.de\/#website"},"datePublished":"2017-09-27T14:26:31+00:00","dateModified":"2021-05-26T14:44:23+00:00","author":{"@id":"https:\/\/www.personalrat-muehldorf.de\/#\/schema\/person\/6cb0a21c0ef61e13504a2041fc50464b"},"breadcrumb":{"@id":"https:\/\/www.personalrat-muehldorf.de\/?p=420#breadcrumb"},"inLanguage":"de","potentialAction":[{"@type":"ReadAction","target":["https:\/\/www.personalrat-muehldorf.de\/?p=420"]}]},{"@type":"BreadcrumbList","@id":"https:\/\/www.personalrat-muehldorf.de\/?p=420#breadcrumb","itemListElement":[{"@type":"ListItem","position":1,"name":"Startseite","item":"https:\/\/www.personalrat-muehldorf.de\/"},{"@type":"ListItem","position":2,"name":"Dienstvereinbarung Telearbeit"}]},{"@type":"WebSite","@id":"https:\/\/www.personalrat-muehldorf.de\/#website","url":"https:\/\/www.personalrat-muehldorf.de\/","name":"Personalrat der Kreisstadt M\u00fchldorf a. Inn","description":"","potentialAction":[{"@type":"SearchAction","target":{"@type":"EntryPoint","urlTemplate":"https:\/\/www.personalrat-muehldorf.de\/?s={search_term_string}"},"query-input":{"@type":"PropertyValueSpecification","valueRequired":true,"valueName":"search_term_string"}}],"inLanguage":"de"},{"@type":"Person","@id":"https:\/\/www.personalrat-muehldorf.de\/#\/schema\/person\/6cb0a21c0ef61e13504a2041fc50464b","name":"Thomas Breitsameter","image":{"@type":"ImageObject","inLanguage":"de","@id":"https:\/\/www.personalrat-muehldorf.de\/#\/schema\/person\/image\/","url":"https:\/\/secure.gravatar.com\/avatar\/d418bc3b775aeedc689eb77329097d0b0702a03699b2bd36ac208d56a97a1665?s=96&d=monsterid&r=g","contentUrl":"https:\/\/secure.gravatar.com\/avatar\/d418bc3b775aeedc689eb77329097d0b0702a03699b2bd36ac208d56a97a1665?s=96&d=monsterid&r=g","caption":"Thomas Breitsameter"},"url":"https:\/\/www.personalrat-muehldorf.de\/?author=14"}]}},"_links":{"self":[{"href":"https:\/\/www.personalrat-muehldorf.de\/index.php?rest_route=\/wp\/v2\/posts\/420","targetHints":{"allow":["GET"]}}],"collection":[{"href":"https:\/\/www.personalrat-muehldorf.de\/index.php?rest_route=\/wp\/v2\/posts"}],"about":[{"href":"https:\/\/www.personalrat-muehldorf.de\/index.php?rest_route=\/wp\/v2\/types\/post"}],"author":[{"embeddable":true,"href":"https:\/\/www.personalrat-muehldorf.de\/index.php?rest_route=\/wp\/v2\/users\/14"}],"replies":[{"embeddable":true,"href":"https:\/\/www.personalrat-muehldorf.de\/index.php?rest_route=%2Fwp%2Fv2%2Fcomments&post=420"}],"version-history":[{"count":4,"href":"https:\/\/www.personalrat-muehldorf.de\/index.php?rest_route=\/wp\/v2\/posts\/420\/revisions"}],"predecessor-version":[{"id":514,"href":"https:\/\/www.personalrat-muehldorf.de\/index.php?rest_route=\/wp\/v2\/posts\/420\/revisions\/514"}],"wp:attachment":[{"href":"https:\/\/www.personalrat-muehldorf.de\/index.php?rest_route=%2Fwp%2Fv2%2Fmedia&parent=420"}],"wp:term":[{"taxonomy":"category","embeddable":true,"href":"https:\/\/www.personalrat-muehldorf.de\/index.php?rest_route=%2Fwp%2Fv2%2Fcategories&post=420"},{"taxonomy":"post_tag","embeddable":true,"href":"https:\/\/www.personalrat-muehldorf.de\/index.php?rest_route=%2Fwp%2Fv2%2Ftags&post=420"}],"curies":[{"name":"wp","href":"https:\/\/api.w.org\/{rel}","templated":true}]}}