{"id":1244,"date":"2025-10-07T11:49:35","date_gmt":"2025-10-07T09:49:35","guid":{"rendered":"https:\/\/www.personalrat-muehldorf.de\/?p=1244"},"modified":"2025-10-07T12:02:45","modified_gmt":"2025-10-07T10:02:45","slug":"personalversammlungen-2026","status":"publish","type":"post","link":"https:\/\/www.personalrat-muehldorf.de\/?p=1244","title":{"rendered":"Personalversammlungen 2026"},"content":{"rendered":"\n<p>Die Personalversammlungen 2026 finden statt am<\/p>\n\n\n\n<p><strong>Dienstag, 18.11.2025<\/strong><\/p>\n\n\n\n<p><mark style=\"background-color:rgba(0, 0, 0, 0)\" class=\"has-inline-color has-vivid-cyan-blue-color\"><strong>15.00 Uhr Haberkasten<\/strong>, Fragnergasse 3, 84453 M\u00fchldorf a. Inn<\/mark> f\u00fcr alle st\u00e4dtische Besch\u00e4ftigte <\/p>\n\n\n\n<p>(au\u00dfer KITAS &amp; KOGA)&nbsp;&nbsp;&nbsp;&nbsp;&nbsp;&nbsp;&nbsp;&nbsp;&nbsp;<\/p>\n\n\n\n<p><\/p>\n\n\n\n<p><strong>1<\/strong><mark style=\"background-color:rgba(0, 0, 0, 0)\" class=\"has-inline-color has-vivid-cyan-blue-color\"><strong>8.00 Uhr Mittelschule<\/strong>, Europastr. 3, 84453 M\u00fchldorf a. Inn <\/mark><\/p>\n\n\n\n<p>f\u00fcr alle KITA-Besch\u00e4ftigte &amp; KOGA-Besch\u00e4ftigte<\/p>\n\n\n\n<p><\/p>\n\n\n\n<p><\/p>\n\n\n\n<h2 class=\"wp-block-heading\"><strong>T a g e s o r d n u n g<\/strong><\/h2>\n\n\n\n<p><strong>TOP 1<\/strong>\u00a0\u00a0\u00a0\u00a0Begr\u00fc\u00dfung<\/p>\n\n\n\n<p><strong>TOP 2<\/strong>\u00a0\u00a0\u00a0Rechenschaftsbericht des Personalrates seit der letzten Personalversammlung am 12.11.2024<\/p>\n\n\n\n<p><strong>TOP 3\u00a0\u00a0<\/strong>Betriebsfest 2026 (Termin: Freitag, 19.06.2026 \u2013 Haberkasteninnenhof)<\/p>\n\n\n\n<p><strong>TOP 4<\/strong>\u00a0\u00a0Information zur \u201eInitiative \u2013 gesunder Betrieb\u201c (Teilnehmerzahlen, Auslastung)<\/p>\n\n\n\n<p><strong>TOP 5<\/strong> \u00a0W\u00fcnsche, Antr\u00e4ge<\/p>\n","protected":false},"excerpt":{"rendered":"<p>Die Personalversammlungen 2026 finden statt am Dienstag, 18.11.2025 15.00 Uhr Haberkasten, Fragnergasse 3, 84453 M\u00fchldorf a. Inn f\u00fcr alle st\u00e4dtische Besch\u00e4ftigte (au\u00dfer KITAS &amp; KOGA)&nbsp;&nbsp;&nbsp;&nbsp;&nbsp;&nbsp;&nbsp;&nbsp;&nbsp; 18.00 Uhr Mittelschule, Europastr. 3, 84453 M\u00fchldorf a. Inn f\u00fcr alle KITA-Besch\u00e4ftigte &amp; KOGA-Besch\u00e4ftigte T a g e s o r d n u n g TOP 1\u00a0\u00a0\u00a0\u00a0Begr\u00fc\u00dfung TOP 2\u00a0\u00a0\u00a0Rechenschaftsbericht [&hellip;]<\/p>\n","protected":false},"author":14,"featured_media":0,"comment_status":"closed","ping_status":"closed","sticky":false,"template":"","format":"standard","meta":{"footnotes":""},"categories":[1,6],"tags":[],"class_list":["post-1244","post","type-post","status-publish","format-standard","hentry","category-aktuelles","category-termine"],"yoast_head":"<!-- This site is optimized with the Yoast SEO plugin v27.1.1 - https:\/\/yoast.com\/product\/yoast-seo-wordpress\/ -->\n<title>Personalversammlungen 2026 &#8211; Personalrat der Kreisstadt M\u00fchldorf a. Inn<\/title>\n<meta name=\"robots\" content=\"index, follow, max-snippet:-1, max-image-preview:large, max-video-preview:-1\" \/>\n<link rel=\"canonical\" href=\"https:\/\/www.personalrat-muehldorf.de\/?p=1244\" \/>\n<meta property=\"og:locale\" content=\"de_DE\" \/>\n<meta property=\"og:type\" content=\"article\" \/>\n<meta property=\"og:title\" content=\"Personalversammlungen 2026 &#8211; Personalrat der Kreisstadt M\u00fchldorf a. Inn\" \/>\n<meta property=\"og:description\" content=\"Die Personalversammlungen 2026 finden statt am Dienstag, 18.11.2025 15.00 Uhr Haberkasten, Fragnergasse 3, 84453 M\u00fchldorf a. Inn f\u00fcr alle st\u00e4dtische Besch\u00e4ftigte (au\u00dfer KITAS &amp; KOGA)&nbsp;&nbsp;&nbsp;&nbsp;&nbsp;&nbsp;&nbsp;&nbsp;&nbsp; 18.00 Uhr Mittelschule, Europastr. 3, 84453 M\u00fchldorf a. Inn f\u00fcr alle KITA-Besch\u00e4ftigte &amp; KOGA-Besch\u00e4ftigte T a g e s o r d n u n g TOP 1\u00a0\u00a0\u00a0\u00a0Begr\u00fc\u00dfung TOP 2\u00a0\u00a0\u00a0Rechenschaftsbericht [&hellip;]\" \/>\n<meta property=\"og:url\" content=\"https:\/\/www.personalrat-muehldorf.de\/?p=1244\" \/>\n<meta property=\"og:site_name\" content=\"Personalrat der Kreisstadt M\u00fchldorf a. Inn\" \/>\n<meta property=\"article:publisher\" content=\"https:\/\/www.facebook.com\/Thomasquickly\" \/>\n<meta property=\"article:published_time\" content=\"2025-10-07T09:49:35+00:00\" \/>\n<meta property=\"article:modified_time\" content=\"2025-10-07T10:02:45+00:00\" \/>\n<meta name=\"author\" content=\"Thomas Breitsameter\" \/>\n<meta name=\"twitter:card\" content=\"summary_large_image\" \/>\n<meta name=\"twitter:label1\" content=\"Verfasst von\" \/>\n\t<meta name=\"twitter:data1\" content=\"Thomas Breitsameter\" \/>\n\t<meta name=\"twitter:label2\" content=\"Gesch\u00e4tzte Lesezeit\" \/>\n\t<meta name=\"twitter:data2\" content=\"1\u00a0Minute\" \/>\n<script type=\"application\/ld+json\" class=\"yoast-schema-graph\">{\"@context\":\"https:\/\/schema.org\",\"@graph\":[{\"@type\":\"Article\",\"@id\":\"https:\/\/www.personalrat-muehldorf.de\/?p=1244#article\",\"isPartOf\":{\"@id\":\"https:\/\/www.personalrat-muehldorf.de\/?p=1244\"},\"author\":{\"name\":\"Thomas Breitsameter\",\"@id\":\"https:\/\/www.personalrat-muehldorf.de\/#\/schema\/person\/6cb0a21c0ef61e13504a2041fc50464b\"},\"headline\":\"Personalversammlungen 2026\",\"datePublished\":\"2025-10-07T09:49:35+00:00\",\"dateModified\":\"2025-10-07T10:02:45+00:00\",\"mainEntityOfPage\":{\"@id\":\"https:\/\/www.personalrat-muehldorf.de\/?p=1244\"},\"wordCount\":92,\"articleSection\":[\"Aktuelles\",\"Termine\"],\"inLanguage\":\"de\"},{\"@type\":\"WebPage\",\"@id\":\"https:\/\/www.personalrat-muehldorf.de\/?p=1244\",\"url\":\"https:\/\/www.personalrat-muehldorf.de\/?p=1244\",\"name\":\"Personalversammlungen 2026 &#8211; Personalrat der Kreisstadt M\u00fchldorf a. Inn\",\"isPartOf\":{\"@id\":\"https:\/\/www.personalrat-muehldorf.de\/#website\"},\"datePublished\":\"2025-10-07T09:49:35+00:00\",\"dateModified\":\"2025-10-07T10:02:45+00:00\",\"author\":{\"@id\":\"https:\/\/www.personalrat-muehldorf.de\/#\/schema\/person\/6cb0a21c0ef61e13504a2041fc50464b\"},\"breadcrumb\":{\"@id\":\"https:\/\/www.personalrat-muehldorf.de\/?p=1244#breadcrumb\"},\"inLanguage\":\"de\",\"potentialAction\":[{\"@type\":\"ReadAction\",\"target\":[\"https:\/\/www.personalrat-muehldorf.de\/?p=1244\"]}]},{\"@type\":\"BreadcrumbList\",\"@id\":\"https:\/\/www.personalrat-muehldorf.de\/?p=1244#breadcrumb\",\"itemListElement\":[{\"@type\":\"ListItem\",\"position\":1,\"name\":\"Startseite\",\"item\":\"https:\/\/www.personalrat-muehldorf.de\/\"},{\"@type\":\"ListItem\",\"position\":2,\"name\":\"Personalversammlungen 2026\"}]},{\"@type\":\"WebSite\",\"@id\":\"https:\/\/www.personalrat-muehldorf.de\/#website\",\"url\":\"https:\/\/www.personalrat-muehldorf.de\/\",\"name\":\"Personalrat der Kreisstadt M\u00fchldorf a. Inn\",\"description\":\"\",\"potentialAction\":[{\"@type\":\"SearchAction\",\"target\":{\"@type\":\"EntryPoint\",\"urlTemplate\":\"https:\/\/www.personalrat-muehldorf.de\/?s={search_term_string}\"},\"query-input\":{\"@type\":\"PropertyValueSpecification\",\"valueRequired\":true,\"valueName\":\"search_term_string\"}}],\"inLanguage\":\"de\"},{\"@type\":\"Person\",\"@id\":\"https:\/\/www.personalrat-muehldorf.de\/#\/schema\/person\/6cb0a21c0ef61e13504a2041fc50464b\",\"name\":\"Thomas Breitsameter\",\"image\":{\"@type\":\"ImageObject\",\"inLanguage\":\"de\",\"@id\":\"https:\/\/www.personalrat-muehldorf.de\/#\/schema\/person\/image\/\",\"url\":\"https:\/\/secure.gravatar.com\/avatar\/d418bc3b775aeedc689eb77329097d0b0702a03699b2bd36ac208d56a97a1665?s=96&d=monsterid&r=g\",\"contentUrl\":\"https:\/\/secure.gravatar.com\/avatar\/d418bc3b775aeedc689eb77329097d0b0702a03699b2bd36ac208d56a97a1665?s=96&d=monsterid&r=g\",\"caption\":\"Thomas Breitsameter\"},\"url\":\"https:\/\/www.personalrat-muehldorf.de\/?author=14\"}]}<\/script>\n<!-- \/ Yoast SEO plugin. -->","yoast_head_json":{"title":"Personalversammlungen 2026 &#8211; Personalrat der Kreisstadt M\u00fchldorf a. Inn","robots":{"index":"index","follow":"follow","max-snippet":"max-snippet:-1","max-image-preview":"max-image-preview:large","max-video-preview":"max-video-preview:-1"},"canonical":"https:\/\/www.personalrat-muehldorf.de\/?p=1244","og_locale":"de_DE","og_type":"article","og_title":"Personalversammlungen 2026 &#8211; Personalrat der Kreisstadt M\u00fchldorf a. Inn","og_description":"Die Personalversammlungen 2026 finden statt am Dienstag, 18.11.2025 15.00 Uhr Haberkasten, Fragnergasse 3, 84453 M\u00fchldorf a. Inn f\u00fcr alle st\u00e4dtische Besch\u00e4ftigte (au\u00dfer KITAS &amp; KOGA)&nbsp;&nbsp;&nbsp;&nbsp;&nbsp;&nbsp;&nbsp;&nbsp;&nbsp; 18.00 Uhr Mittelschule, Europastr. 3, 84453 M\u00fchldorf a. Inn f\u00fcr alle KITA-Besch\u00e4ftigte &amp; KOGA-Besch\u00e4ftigte T a g e s o r d n u n g TOP 1\u00a0\u00a0\u00a0\u00a0Begr\u00fc\u00dfung TOP 2\u00a0\u00a0\u00a0Rechenschaftsbericht [&hellip;]","og_url":"https:\/\/www.personalrat-muehldorf.de\/?p=1244","og_site_name":"Personalrat der Kreisstadt M\u00fchldorf a. Inn","article_publisher":"https:\/\/www.facebook.com\/Thomasquickly","article_published_time":"2025-10-07T09:49:35+00:00","article_modified_time":"2025-10-07T10:02:45+00:00","author":"Thomas Breitsameter","twitter_card":"summary_large_image","twitter_misc":{"Verfasst von":"Thomas Breitsameter","Gesch\u00e4tzte Lesezeit":"1\u00a0Minute"},"schema":{"@context":"https:\/\/schema.org","@graph":[{"@type":"Article","@id":"https:\/\/www.personalrat-muehldorf.de\/?p=1244#article","isPartOf":{"@id":"https:\/\/www.personalrat-muehldorf.de\/?p=1244"},"author":{"name":"Thomas Breitsameter","@id":"https:\/\/www.personalrat-muehldorf.de\/#\/schema\/person\/6cb0a21c0ef61e13504a2041fc50464b"},"headline":"Personalversammlungen 2026","datePublished":"2025-10-07T09:49:35+00:00","dateModified":"2025-10-07T10:02:45+00:00","mainEntityOfPage":{"@id":"https:\/\/www.personalrat-muehldorf.de\/?p=1244"},"wordCount":92,"articleSection":["Aktuelles","Termine"],"inLanguage":"de"},{"@type":"WebPage","@id":"https:\/\/www.personalrat-muehldorf.de\/?p=1244","url":"https:\/\/www.personalrat-muehldorf.de\/?p=1244","name":"Personalversammlungen 2026 &#8211; Personalrat der Kreisstadt M\u00fchldorf a. Inn","isPartOf":{"@id":"https:\/\/www.personalrat-muehldorf.de\/#website"},"datePublished":"2025-10-07T09:49:35+00:00","dateModified":"2025-10-07T10:02:45+00:00","author":{"@id":"https:\/\/www.personalrat-muehldorf.de\/#\/schema\/person\/6cb0a21c0ef61e13504a2041fc50464b"},"breadcrumb":{"@id":"https:\/\/www.personalrat-muehldorf.de\/?p=1244#breadcrumb"},"inLanguage":"de","potentialAction":[{"@type":"ReadAction","target":["https:\/\/www.personalrat-muehldorf.de\/?p=1244"]}]},{"@type":"BreadcrumbList","@id":"https:\/\/www.personalrat-muehldorf.de\/?p=1244#breadcrumb","itemListElement":[{"@type":"ListItem","position":1,"name":"Startseite","item":"https:\/\/www.personalrat-muehldorf.de\/"},{"@type":"ListItem","position":2,"name":"Personalversammlungen 2026"}]},{"@type":"WebSite","@id":"https:\/\/www.personalrat-muehldorf.de\/#website","url":"https:\/\/www.personalrat-muehldorf.de\/","name":"Personalrat der Kreisstadt M\u00fchldorf a. Inn","description":"","potentialAction":[{"@type":"SearchAction","target":{"@type":"EntryPoint","urlTemplate":"https:\/\/www.personalrat-muehldorf.de\/?s={search_term_string}"},"query-input":{"@type":"PropertyValueSpecification","valueRequired":true,"valueName":"search_term_string"}}],"inLanguage":"de"},{"@type":"Person","@id":"https:\/\/www.personalrat-muehldorf.de\/#\/schema\/person\/6cb0a21c0ef61e13504a2041fc50464b","name":"Thomas Breitsameter","image":{"@type":"ImageObject","inLanguage":"de","@id":"https:\/\/www.personalrat-muehldorf.de\/#\/schema\/person\/image\/","url":"https:\/\/secure.gravatar.com\/avatar\/d418bc3b775aeedc689eb77329097d0b0702a03699b2bd36ac208d56a97a1665?s=96&d=monsterid&r=g","contentUrl":"https:\/\/secure.gravatar.com\/avatar\/d418bc3b775aeedc689eb77329097d0b0702a03699b2bd36ac208d56a97a1665?s=96&d=monsterid&r=g","caption":"Thomas Breitsameter"},"url":"https:\/\/www.personalrat-muehldorf.de\/?author=14"}]}},"_links":{"self":[{"href":"https:\/\/www.personalrat-muehldorf.de\/index.php?rest_route=\/wp\/v2\/posts\/1244","targetHints":{"allow":["GET"]}}],"collection":[{"href":"https:\/\/www.personalrat-muehldorf.de\/index.php?rest_route=\/wp\/v2\/posts"}],"about":[{"href":"https:\/\/www.personalrat-muehldorf.de\/index.php?rest_route=\/wp\/v2\/types\/post"}],"author":[{"embeddable":true,"href":"https:\/\/www.personalrat-muehldorf.de\/index.php?rest_route=\/wp\/v2\/users\/14"}],"replies":[{"embeddable":true,"href":"https:\/\/www.personalrat-muehldorf.de\/index.php?rest_route=%2Fwp%2Fv2%2Fcomments&post=1244"}],"version-history":[{"count":5,"href":"https:\/\/www.personalrat-muehldorf.de\/index.php?rest_route=\/wp\/v2\/posts\/1244\/revisions"}],"predecessor-version":[{"id":1252,"href":"https:\/\/www.personalrat-muehldorf.de\/index.php?rest_route=\/wp\/v2\/posts\/1244\/revisions\/1252"}],"wp:attachment":[{"href":"https:\/\/www.personalrat-muehldorf.de\/index.php?rest_route=%2Fwp%2Fv2%2Fmedia&parent=1244"}],"wp:term":[{"taxonomy":"category","embeddable":true,"href":"https:\/\/www.personalrat-muehldorf.de\/index.php?rest_route=%2Fwp%2Fv2%2Fcategories&post=1244"},{"taxonomy":"post_tag","embeddable":true,"href":"https:\/\/www.personalrat-muehldorf.de\/index.php?rest_route=%2Fwp%2Fv2%2Ftags&post=1244"}],"curies":[{"name":"wp","href":"https:\/\/api.w.org\/{rel}","templated":true}]}}