{"id":1013,"date":"2021-08-20T00:48:55","date_gmt":"2021-08-19T22:48:55","guid":{"rendered":"https:\/\/www.personalrat-muehldorf.de\/?p=1013"},"modified":"2021-08-21T22:36:51","modified_gmt":"2021-08-21T20:36:51","slug":"helmut-lohr","status":"publish","type":"post","link":"https:\/\/www.personalrat-muehldorf.de\/?p=1013","title":{"rendered":"Helmut Lohr"},"content":{"rendered":"\n<p><strong>Helmut Lohr<\/strong>, geboren am 29.10.1972.<\/p>\n\n\n\n<p>Er ist seit 01.09.2019 als G\u00e4rtner im st\u00e4dtischen Bauhof besch\u00e4ftigt.<\/p>\n","protected":false},"excerpt":{"rendered":"<p>Helmut Lohr, geboren am 29.10.1972. Er ist seit 01.09.2019 als G\u00e4rtner im st\u00e4dtischen Bauhof besch\u00e4ftigt.<\/p>\n","protected":false},"author":14,"featured_media":1025,"comment_status":"closed","ping_status":"closed","sticky":false,"template":"","format":"standard","meta":{"footnotes":""},"categories":[2],"tags":[34,14,11,16,13,15],"class_list":["post-1013","post","type-post","status-publish","format-standard","has-post-thumbnail","hentry","category-personalrat","tag-kulturbuero","tag-oeffentlicher-dienst","tag-personalrat","tag-personalrat-muehldorf","tag-stadt-muehldorf-a-inn","tag-tvoed"],"yoast_head":"<!-- This site is optimized with the Yoast SEO plugin v27.1.1 - https:\/\/yoast.com\/product\/yoast-seo-wordpress\/ -->\n<title>Helmut Lohr &#8211; Personalrat der Kreisstadt M\u00fchldorf a. Inn<\/title>\n<meta name=\"robots\" content=\"index, follow, max-snippet:-1, max-image-preview:large, max-video-preview:-1\" \/>\n<link rel=\"canonical\" href=\"https:\/\/www.personalrat-muehldorf.de\/?p=1013\" \/>\n<meta property=\"og:locale\" content=\"de_DE\" \/>\n<meta property=\"og:type\" content=\"article\" \/>\n<meta property=\"og:title\" content=\"Helmut Lohr &#8211; Personalrat der Kreisstadt M\u00fchldorf a. Inn\" \/>\n<meta property=\"og:description\" content=\"Helmut Lohr, geboren am 29.10.1972. Er ist seit 01.09.2019 als G\u00e4rtner im st\u00e4dtischen Bauhof besch\u00e4ftigt.\" \/>\n<meta property=\"og:url\" content=\"https:\/\/www.personalrat-muehldorf.de\/?p=1013\" \/>\n<meta property=\"og:site_name\" content=\"Personalrat der Kreisstadt M\u00fchldorf a. Inn\" \/>\n<meta property=\"article:publisher\" content=\"https:\/\/www.facebook.com\/Thomasquickly\" \/>\n<meta property=\"article:published_time\" content=\"2021-08-19T22:48:55+00:00\" \/>\n<meta property=\"article:modified_time\" content=\"2021-08-21T20:36:51+00:00\" \/>\n<meta property=\"og:image\" content=\"https:\/\/www.personalrat-muehldorf.de\/wp-content\/uploads\/2021\/08\/K1024_Lohr_Helmut.jpg\" \/>\n\t<meta property=\"og:image:width\" content=\"1152\" \/>\n\t<meta property=\"og:image:height\" content=\"768\" \/>\n\t<meta property=\"og:image:type\" content=\"image\/jpeg\" \/>\n<meta name=\"author\" content=\"Thomas Breitsameter\" \/>\n<meta name=\"twitter:card\" content=\"summary_large_image\" \/>\n<meta name=\"twitter:label1\" content=\"Verfasst von\" \/>\n\t<meta name=\"twitter:data1\" content=\"Thomas Breitsameter\" \/>\n\t<meta name=\"twitter:label2\" content=\"Gesch\u00e4tzte Lesezeit\" \/>\n\t<meta name=\"twitter:data2\" content=\"1\u00a0Minute\" \/>\n<script type=\"application\/ld+json\" class=\"yoast-schema-graph\">{\"@context\":\"https:\/\/schema.org\",\"@graph\":[{\"@type\":\"Article\",\"@id\":\"https:\/\/www.personalrat-muehldorf.de\/?p=1013#article\",\"isPartOf\":{\"@id\":\"https:\/\/www.personalrat-muehldorf.de\/?p=1013\"},\"author\":{\"name\":\"Thomas Breitsameter\",\"@id\":\"https:\/\/www.personalrat-muehldorf.de\/#\/schema\/person\/6cb0a21c0ef61e13504a2041fc50464b\"},\"headline\":\"Helmut Lohr\",\"datePublished\":\"2021-08-19T22:48:55+00:00\",\"dateModified\":\"2021-08-21T20:36:51+00:00\",\"mainEntityOfPage\":{\"@id\":\"https:\/\/www.personalrat-muehldorf.de\/?p=1013\"},\"wordCount\":18,\"image\":{\"@id\":\"https:\/\/www.personalrat-muehldorf.de\/?p=1013#primaryimage\"},\"thumbnailUrl\":\"https:\/\/www.personalrat-muehldorf.de\/wp-content\/uploads\/2021\/08\/K1024_Lohr_Helmut.jpg\",\"keywords\":[\"Kulturb\u00fcro\",\"\u00d6ffentlicher Dienst\",\"Personalrat\",\"Personalrat M\u00fchldorf\",\"Stadt M\u00fchldorf a. Inn\",\"TV\u00f6D\"],\"articleSection\":[\"Personalrat\"],\"inLanguage\":\"de\"},{\"@type\":\"WebPage\",\"@id\":\"https:\/\/www.personalrat-muehldorf.de\/?p=1013\",\"url\":\"https:\/\/www.personalrat-muehldorf.de\/?p=1013\",\"name\":\"Helmut Lohr &#8211; Personalrat der Kreisstadt M\u00fchldorf a. Inn\",\"isPartOf\":{\"@id\":\"https:\/\/www.personalrat-muehldorf.de\/#website\"},\"primaryImageOfPage\":{\"@id\":\"https:\/\/www.personalrat-muehldorf.de\/?p=1013#primaryimage\"},\"image\":{\"@id\":\"https:\/\/www.personalrat-muehldorf.de\/?p=1013#primaryimage\"},\"thumbnailUrl\":\"https:\/\/www.personalrat-muehldorf.de\/wp-content\/uploads\/2021\/08\/K1024_Lohr_Helmut.jpg\",\"datePublished\":\"2021-08-19T22:48:55+00:00\",\"dateModified\":\"2021-08-21T20:36:51+00:00\",\"author\":{\"@id\":\"https:\/\/www.personalrat-muehldorf.de\/#\/schema\/person\/6cb0a21c0ef61e13504a2041fc50464b\"},\"breadcrumb\":{\"@id\":\"https:\/\/www.personalrat-muehldorf.de\/?p=1013#breadcrumb\"},\"inLanguage\":\"de\",\"potentialAction\":[{\"@type\":\"ReadAction\",\"target\":[\"https:\/\/www.personalrat-muehldorf.de\/?p=1013\"]}]},{\"@type\":\"ImageObject\",\"inLanguage\":\"de\",\"@id\":\"https:\/\/www.personalrat-muehldorf.de\/?p=1013#primaryimage\",\"url\":\"https:\/\/www.personalrat-muehldorf.de\/wp-content\/uploads\/2021\/08\/K1024_Lohr_Helmut.jpg\",\"contentUrl\":\"https:\/\/www.personalrat-muehldorf.de\/wp-content\/uploads\/2021\/08\/K1024_Lohr_Helmut.jpg\",\"width\":1152,\"height\":768},{\"@type\":\"BreadcrumbList\",\"@id\":\"https:\/\/www.personalrat-muehldorf.de\/?p=1013#breadcrumb\",\"itemListElement\":[{\"@type\":\"ListItem\",\"position\":1,\"name\":\"Startseite\",\"item\":\"https:\/\/www.personalrat-muehldorf.de\/\"},{\"@type\":\"ListItem\",\"position\":2,\"name\":\"Helmut Lohr\"}]},{\"@type\":\"WebSite\",\"@id\":\"https:\/\/www.personalrat-muehldorf.de\/#website\",\"url\":\"https:\/\/www.personalrat-muehldorf.de\/\",\"name\":\"Personalrat der Kreisstadt M\u00fchldorf a. Inn\",\"description\":\"\",\"potentialAction\":[{\"@type\":\"SearchAction\",\"target\":{\"@type\":\"EntryPoint\",\"urlTemplate\":\"https:\/\/www.personalrat-muehldorf.de\/?s={search_term_string}\"},\"query-input\":{\"@type\":\"PropertyValueSpecification\",\"valueRequired\":true,\"valueName\":\"search_term_string\"}}],\"inLanguage\":\"de\"},{\"@type\":\"Person\",\"@id\":\"https:\/\/www.personalrat-muehldorf.de\/#\/schema\/person\/6cb0a21c0ef61e13504a2041fc50464b\",\"name\":\"Thomas Breitsameter\",\"image\":{\"@type\":\"ImageObject\",\"inLanguage\":\"de\",\"@id\":\"https:\/\/www.personalrat-muehldorf.de\/#\/schema\/person\/image\/\",\"url\":\"https:\/\/secure.gravatar.com\/avatar\/d418bc3b775aeedc689eb77329097d0b0702a03699b2bd36ac208d56a97a1665?s=96&d=monsterid&r=g\",\"contentUrl\":\"https:\/\/secure.gravatar.com\/avatar\/d418bc3b775aeedc689eb77329097d0b0702a03699b2bd36ac208d56a97a1665?s=96&d=monsterid&r=g\",\"caption\":\"Thomas Breitsameter\"},\"url\":\"https:\/\/www.personalrat-muehldorf.de\/?author=14\"}]}<\/script>\n<!-- \/ Yoast SEO plugin. -->","yoast_head_json":{"title":"Helmut Lohr &#8211; Personalrat der Kreisstadt M\u00fchldorf a. Inn","robots":{"index":"index","follow":"follow","max-snippet":"max-snippet:-1","max-image-preview":"max-image-preview:large","max-video-preview":"max-video-preview:-1"},"canonical":"https:\/\/www.personalrat-muehldorf.de\/?p=1013","og_locale":"de_DE","og_type":"article","og_title":"Helmut Lohr &#8211; Personalrat der Kreisstadt M\u00fchldorf a. Inn","og_description":"Helmut Lohr, geboren am 29.10.1972. Er ist seit 01.09.2019 als G\u00e4rtner im st\u00e4dtischen Bauhof besch\u00e4ftigt.","og_url":"https:\/\/www.personalrat-muehldorf.de\/?p=1013","og_site_name":"Personalrat der Kreisstadt M\u00fchldorf a. Inn","article_publisher":"https:\/\/www.facebook.com\/Thomasquickly","article_published_time":"2021-08-19T22:48:55+00:00","article_modified_time":"2021-08-21T20:36:51+00:00","og_image":[{"width":1152,"height":768,"url":"https:\/\/www.personalrat-muehldorf.de\/wp-content\/uploads\/2021\/08\/K1024_Lohr_Helmut.jpg","type":"image\/jpeg"}],"author":"Thomas Breitsameter","twitter_card":"summary_large_image","twitter_misc":{"Verfasst von":"Thomas Breitsameter","Gesch\u00e4tzte Lesezeit":"1\u00a0Minute"},"schema":{"@context":"https:\/\/schema.org","@graph":[{"@type":"Article","@id":"https:\/\/www.personalrat-muehldorf.de\/?p=1013#article","isPartOf":{"@id":"https:\/\/www.personalrat-muehldorf.de\/?p=1013"},"author":{"name":"Thomas Breitsameter","@id":"https:\/\/www.personalrat-muehldorf.de\/#\/schema\/person\/6cb0a21c0ef61e13504a2041fc50464b"},"headline":"Helmut Lohr","datePublished":"2021-08-19T22:48:55+00:00","dateModified":"2021-08-21T20:36:51+00:00","mainEntityOfPage":{"@id":"https:\/\/www.personalrat-muehldorf.de\/?p=1013"},"wordCount":18,"image":{"@id":"https:\/\/www.personalrat-muehldorf.de\/?p=1013#primaryimage"},"thumbnailUrl":"https:\/\/www.personalrat-muehldorf.de\/wp-content\/uploads\/2021\/08\/K1024_Lohr_Helmut.jpg","keywords":["Kulturb\u00fcro","\u00d6ffentlicher Dienst","Personalrat","Personalrat M\u00fchldorf","Stadt M\u00fchldorf a. Inn","TV\u00f6D"],"articleSection":["Personalrat"],"inLanguage":"de"},{"@type":"WebPage","@id":"https:\/\/www.personalrat-muehldorf.de\/?p=1013","url":"https:\/\/www.personalrat-muehldorf.de\/?p=1013","name":"Helmut Lohr &#8211; Personalrat der Kreisstadt M\u00fchldorf a. Inn","isPartOf":{"@id":"https:\/\/www.personalrat-muehldorf.de\/#website"},"primaryImageOfPage":{"@id":"https:\/\/www.personalrat-muehldorf.de\/?p=1013#primaryimage"},"image":{"@id":"https:\/\/www.personalrat-muehldorf.de\/?p=1013#primaryimage"},"thumbnailUrl":"https:\/\/www.personalrat-muehldorf.de\/wp-content\/uploads\/2021\/08\/K1024_Lohr_Helmut.jpg","datePublished":"2021-08-19T22:48:55+00:00","dateModified":"2021-08-21T20:36:51+00:00","author":{"@id":"https:\/\/www.personalrat-muehldorf.de\/#\/schema\/person\/6cb0a21c0ef61e13504a2041fc50464b"},"breadcrumb":{"@id":"https:\/\/www.personalrat-muehldorf.de\/?p=1013#breadcrumb"},"inLanguage":"de","potentialAction":[{"@type":"ReadAction","target":["https:\/\/www.personalrat-muehldorf.de\/?p=1013"]}]},{"@type":"ImageObject","inLanguage":"de","@id":"https:\/\/www.personalrat-muehldorf.de\/?p=1013#primaryimage","url":"https:\/\/www.personalrat-muehldorf.de\/wp-content\/uploads\/2021\/08\/K1024_Lohr_Helmut.jpg","contentUrl":"https:\/\/www.personalrat-muehldorf.de\/wp-content\/uploads\/2021\/08\/K1024_Lohr_Helmut.jpg","width":1152,"height":768},{"@type":"BreadcrumbList","@id":"https:\/\/www.personalrat-muehldorf.de\/?p=1013#breadcrumb","itemListElement":[{"@type":"ListItem","position":1,"name":"Startseite","item":"https:\/\/www.personalrat-muehldorf.de\/"},{"@type":"ListItem","position":2,"name":"Helmut Lohr"}]},{"@type":"WebSite","@id":"https:\/\/www.personalrat-muehldorf.de\/#website","url":"https:\/\/www.personalrat-muehldorf.de\/","name":"Personalrat der Kreisstadt M\u00fchldorf a. Inn","description":"","potentialAction":[{"@type":"SearchAction","target":{"@type":"EntryPoint","urlTemplate":"https:\/\/www.personalrat-muehldorf.de\/?s={search_term_string}"},"query-input":{"@type":"PropertyValueSpecification","valueRequired":true,"valueName":"search_term_string"}}],"inLanguage":"de"},{"@type":"Person","@id":"https:\/\/www.personalrat-muehldorf.de\/#\/schema\/person\/6cb0a21c0ef61e13504a2041fc50464b","name":"Thomas Breitsameter","image":{"@type":"ImageObject","inLanguage":"de","@id":"https:\/\/www.personalrat-muehldorf.de\/#\/schema\/person\/image\/","url":"https:\/\/secure.gravatar.com\/avatar\/d418bc3b775aeedc689eb77329097d0b0702a03699b2bd36ac208d56a97a1665?s=96&d=monsterid&r=g","contentUrl":"https:\/\/secure.gravatar.com\/avatar\/d418bc3b775aeedc689eb77329097d0b0702a03699b2bd36ac208d56a97a1665?s=96&d=monsterid&r=g","caption":"Thomas Breitsameter"},"url":"https:\/\/www.personalrat-muehldorf.de\/?author=14"}]}},"_links":{"self":[{"href":"https:\/\/www.personalrat-muehldorf.de\/index.php?rest_route=\/wp\/v2\/posts\/1013","targetHints":{"allow":["GET"]}}],"collection":[{"href":"https:\/\/www.personalrat-muehldorf.de\/index.php?rest_route=\/wp\/v2\/posts"}],"about":[{"href":"https:\/\/www.personalrat-muehldorf.de\/index.php?rest_route=\/wp\/v2\/types\/post"}],"author":[{"embeddable":true,"href":"https:\/\/www.personalrat-muehldorf.de\/index.php?rest_route=\/wp\/v2\/users\/14"}],"replies":[{"embeddable":true,"href":"https:\/\/www.personalrat-muehldorf.de\/index.php?rest_route=%2Fwp%2Fv2%2Fcomments&post=1013"}],"version-history":[{"count":2,"href":"https:\/\/www.personalrat-muehldorf.de\/index.php?rest_route=\/wp\/v2\/posts\/1013\/revisions"}],"predecessor-version":[{"id":1026,"href":"https:\/\/www.personalrat-muehldorf.de\/index.php?rest_route=\/wp\/v2\/posts\/1013\/revisions\/1026"}],"wp:featuredmedia":[{"embeddable":true,"href":"https:\/\/www.personalrat-muehldorf.de\/index.php?rest_route=\/wp\/v2\/media\/1025"}],"wp:attachment":[{"href":"https:\/\/www.personalrat-muehldorf.de\/index.php?rest_route=%2Fwp%2Fv2%2Fmedia&parent=1013"}],"wp:term":[{"taxonomy":"category","embeddable":true,"href":"https:\/\/www.personalrat-muehldorf.de\/index.php?rest_route=%2Fwp%2Fv2%2Fcategories&post=1013"},{"taxonomy":"post_tag","embeddable":true,"href":"https:\/\/www.personalrat-muehldorf.de\/index.php?rest_route=%2Fwp%2Fv2%2Ftags&post=1013"}],"curies":[{"name":"wp","href":"https:\/\/api.w.org\/{rel}","templated":true}]}}